{"id":5528,"date":"2024-10-30T14:14:27","date_gmt":"2024-10-30T13:14:27","guid":{"rendered":"https:\/\/www.eltern-bilinguisme.org\/revue-presse\/augenblick-regard-sur-pres-dun-siecle-de-cinema-doutre-rhin\/"},"modified":"2024-10-30T14:14:27","modified_gmt":"2024-10-30T13:14:27","slug":"augenblick-regard-sur-pres-dun-siecle-de-cinema-doutre-rhin","status":"publish","type":"revue-presse","link":"https:\/\/www.eltern-bilinguisme.org\/de\/revue-presse\/augenblick-regard-sur-pres-dun-siecle-de-cinema-doutre-rhin\/","title":{"rendered":"Augenblick, regard sur pr\u00e8s d&#8217;un si\u00e8cle de cin\u00e9ma d&#8217;outre-Rhin"},"content":{"rendered":"","protected":false},"template":"","meta":{"_eb_attr":""},"thematique":[27],"acf":[],"yoast_head":"<!-- This site is optimized with the Yoast SEO plugin v20.13 - https:\/\/yoast.com\/wordpress\/plugins\/seo\/ -->\n<title>Augenblick, regard sur pr\u00e8s d&#039;un si\u00e8cle de cin\u00e9ma d&#039;outre-Rhin | Eltern Alsace<\/title>\n<meta name=\"robots\" content=\"index, follow, max-snippet:-1, max-image-preview:large, max-video-preview:-1\" \/>\n<link rel=\"canonical\" href=\"https:\/\/www.eltern-bilinguisme.org\/de\/revue-presse\/augenblick-regard-sur-pres-dun-siecle-de-cinema-doutre-rhin\/\" \/>\n<meta property=\"og:locale\" content=\"de_DE\" \/>\n<meta property=\"og:type\" content=\"article\" \/>\n<meta property=\"og:title\" content=\"Augenblick, regard sur pr\u00e8s d&#039;un si\u00e8cle de cin\u00e9ma d&#039;outre-Rhin | Eltern Alsace\" \/>\n<meta property=\"og:url\" content=\"https:\/\/www.eltern-bilinguisme.org\/de\/revue-presse\/augenblick-regard-sur-pres-dun-siecle-de-cinema-doutre-rhin\/\" \/>\n<meta property=\"og:site_name\" content=\"Eltern Alsace\" \/>\n<meta property=\"article:publisher\" content=\"https:\/\/www.facebook.com\/ElternAlsace\" \/>\n<meta name=\"twitter:card\" content=\"summary_large_image\" \/>\n<script type=\"application\/ld+json\" class=\"yoast-schema-graph\">{\"@context\":\"https:\/\/schema.org\",\"@graph\":[{\"@type\":\"WebPage\",\"@id\":\"https:\/\/www.eltern-bilinguisme.org\/de\/revue-presse\/augenblick-regard-sur-pres-dun-siecle-de-cinema-doutre-rhin\/\",\"url\":\"https:\/\/www.eltern-bilinguisme.org\/de\/revue-presse\/augenblick-regard-sur-pres-dun-siecle-de-cinema-doutre-rhin\/\",\"name\":\"Augenblick, regard sur pr\u00e8s d'un si\u00e8cle de cin\u00e9ma d'outre-Rhin | Eltern Alsace\",\"isPartOf\":{\"@id\":\"https:\/\/www.eltern-bilinguisme.org\/de\/#website\"},\"datePublished\":\"2024-10-30T13:14:27+00:00\",\"dateModified\":\"2024-10-30T13:14:27+00:00\",\"breadcrumb\":{\"@id\":\"https:\/\/www.eltern-bilinguisme.org\/de\/revue-presse\/augenblick-regard-sur-pres-dun-siecle-de-cinema-doutre-rhin\/#breadcrumb\"},\"inLanguage\":\"de\",\"potentialAction\":[{\"@type\":\"ReadAction\",\"target\":[\"https:\/\/www.eltern-bilinguisme.org\/de\/revue-presse\/augenblick-regard-sur-pres-dun-siecle-de-cinema-doutre-rhin\/\"]}]},{\"@type\":\"BreadcrumbList\",\"@id\":\"https:\/\/www.eltern-bilinguisme.org\/de\/revue-presse\/augenblick-regard-sur-pres-dun-siecle-de-cinema-doutre-rhin\/#breadcrumb\",\"itemListElement\":[{\"@type\":\"ListItem\",\"position\":1,\"name\":\"Accueil\",\"item\":\"https:\/\/www.eltern-bilinguisme.org\/de\/\"},{\"@type\":\"ListItem\",\"position\":2,\"name\":\"Pressespiegel\",\"item\":\"https:\/\/www.eltern-bilinguisme.org\/de\/revues-de-presse\/\"},{\"@type\":\"ListItem\",\"position\":3,\"name\":\"Augenblick, regard sur pr\u00e8s d&#8217;un si\u00e8cle de cin\u00e9ma d&#8217;outre-Rhin\"}]},{\"@type\":\"WebSite\",\"@id\":\"https:\/\/www.eltern-bilinguisme.org\/de\/#website\",\"url\":\"https:\/\/www.eltern-bilinguisme.org\/de\/\",\"name\":\"Eltern Alsace\",\"description\":\"Etre bilingue, c&#039;est mettre deux fois plus de chances de son c\u00f4t\u00e9 !\",\"publisher\":{\"@id\":\"https:\/\/www.eltern-bilinguisme.org\/de\/#organization\"},\"potentialAction\":[{\"@type\":\"SearchAction\",\"target\":{\"@type\":\"EntryPoint\",\"urlTemplate\":\"https:\/\/www.eltern-bilinguisme.org\/de\/?s={search_term_string}\"},\"query-input\":\"required name=search_term_string\"}],\"inLanguage\":\"de\"},{\"@type\":\"Organization\",\"@id\":\"https:\/\/www.eltern-bilinguisme.org\/de\/#organization\",\"name\":\"Eltern Alsace\",\"url\":\"https:\/\/www.eltern-bilinguisme.org\/de\/\",\"logo\":{\"@type\":\"ImageObject\",\"inLanguage\":\"de\",\"@id\":\"https:\/\/www.eltern-bilinguisme.org\/de\/#\/schema\/logo\/image\/\",\"url\":\"https:\/\/www.eltern-bilinguisme.org\/wp-content\/uploads\/2022\/08\/logo-footer.png\",\"contentUrl\":\"https:\/\/www.eltern-bilinguisme.org\/wp-content\/uploads\/2022\/08\/logo-footer.png\",\"width\":301,\"height\":178,\"caption\":\"Eltern Alsace\"},\"image\":{\"@id\":\"https:\/\/www.eltern-bilinguisme.org\/de\/#\/schema\/logo\/image\/\"},\"sameAs\":[\"https:\/\/www.facebook.com\/ElternAlsace\",\"https:\/\/www.instagram.com\/elternalsace\/\"]}]}<\/script>\n<!-- \/ Yoast SEO plugin. -->","yoast_head_json":{"title":"Augenblick, regard sur pr\u00e8s d'un si\u00e8cle de cin\u00e9ma d'outre-Rhin | Eltern Alsace","robots":{"index":"index","follow":"follow","max-snippet":"max-snippet:-1","max-image-preview":"max-image-preview:large","max-video-preview":"max-video-preview:-1"},"canonical":"https:\/\/www.eltern-bilinguisme.org\/de\/revue-presse\/augenblick-regard-sur-pres-dun-siecle-de-cinema-doutre-rhin\/","og_locale":"de_DE","og_type":"article","og_title":"Augenblick, regard sur pr\u00e8s d'un si\u00e8cle de cin\u00e9ma d'outre-Rhin | Eltern Alsace","og_url":"https:\/\/www.eltern-bilinguisme.org\/de\/revue-presse\/augenblick-regard-sur-pres-dun-siecle-de-cinema-doutre-rhin\/","og_site_name":"Eltern Alsace","article_publisher":"https:\/\/www.facebook.com\/ElternAlsace","twitter_card":"summary_large_image","schema":{"@context":"https:\/\/schema.org","@graph":[{"@type":"WebPage","@id":"https:\/\/www.eltern-bilinguisme.org\/de\/revue-presse\/augenblick-regard-sur-pres-dun-siecle-de-cinema-doutre-rhin\/","url":"https:\/\/www.eltern-bilinguisme.org\/de\/revue-presse\/augenblick-regard-sur-pres-dun-siecle-de-cinema-doutre-rhin\/","name":"Augenblick, regard sur pr\u00e8s d'un si\u00e8cle de cin\u00e9ma d'outre-Rhin | Eltern Alsace","isPartOf":{"@id":"https:\/\/www.eltern-bilinguisme.org\/de\/#website"},"datePublished":"2024-10-30T13:14:27+00:00","dateModified":"2024-10-30T13:14:27+00:00","breadcrumb":{"@id":"https:\/\/www.eltern-bilinguisme.org\/de\/revue-presse\/augenblick-regard-sur-pres-dun-siecle-de-cinema-doutre-rhin\/#breadcrumb"},"inLanguage":"de","potentialAction":[{"@type":"ReadAction","target":["https:\/\/www.eltern-bilinguisme.org\/de\/revue-presse\/augenblick-regard-sur-pres-dun-siecle-de-cinema-doutre-rhin\/"]}]},{"@type":"BreadcrumbList","@id":"https:\/\/www.eltern-bilinguisme.org\/de\/revue-presse\/augenblick-regard-sur-pres-dun-siecle-de-cinema-doutre-rhin\/#breadcrumb","itemListElement":[{"@type":"ListItem","position":1,"name":"Accueil","item":"https:\/\/www.eltern-bilinguisme.org\/de\/"},{"@type":"ListItem","position":2,"name":"Pressespiegel","item":"https:\/\/www.eltern-bilinguisme.org\/de\/revues-de-presse\/"},{"@type":"ListItem","position":3,"name":"Augenblick, regard sur pr\u00e8s d&#8217;un si\u00e8cle de cin\u00e9ma d&#8217;outre-Rhin"}]},{"@type":"WebSite","@id":"https:\/\/www.eltern-bilinguisme.org\/de\/#website","url":"https:\/\/www.eltern-bilinguisme.org\/de\/","name":"Eltern Alsace","description":"Etre bilingue, c&#039;est mettre deux fois plus de chances de son c\u00f4t\u00e9 !","publisher":{"@id":"https:\/\/www.eltern-bilinguisme.org\/de\/#organization"},"potentialAction":[{"@type":"SearchAction","target":{"@type":"EntryPoint","urlTemplate":"https:\/\/www.eltern-bilinguisme.org\/de\/?s={search_term_string}"},"query-input":"required name=search_term_string"}],"inLanguage":"de"},{"@type":"Organization","@id":"https:\/\/www.eltern-bilinguisme.org\/de\/#organization","name":"Eltern Alsace","url":"https:\/\/www.eltern-bilinguisme.org\/de\/","logo":{"@type":"ImageObject","inLanguage":"de","@id":"https:\/\/www.eltern-bilinguisme.org\/de\/#\/schema\/logo\/image\/","url":"https:\/\/www.eltern-bilinguisme.org\/wp-content\/uploads\/2022\/08\/logo-footer.png","contentUrl":"https:\/\/www.eltern-bilinguisme.org\/wp-content\/uploads\/2022\/08\/logo-footer.png","width":301,"height":178,"caption":"Eltern Alsace"},"image":{"@id":"https:\/\/www.eltern-bilinguisme.org\/de\/#\/schema\/logo\/image\/"},"sameAs":["https:\/\/www.facebook.com\/ElternAlsace","https:\/\/www.instagram.com\/elternalsace\/"]}]}},"_links":{"self":[{"href":"https:\/\/www.eltern-bilinguisme.org\/de\/wp-json\/wp\/v2\/revue-presse\/5528"}],"collection":[{"href":"https:\/\/www.eltern-bilinguisme.org\/de\/wp-json\/wp\/v2\/revue-presse"}],"about":[{"href":"https:\/\/www.eltern-bilinguisme.org\/de\/wp-json\/wp\/v2\/types\/revue-presse"}],"wp:attachment":[{"href":"https:\/\/www.eltern-bilinguisme.org\/de\/wp-json\/wp\/v2\/media?parent=5528"}],"wp:term":[{"taxonomy":"thematique","embeddable":true,"href":"https:\/\/www.eltern-bilinguisme.org\/de\/wp-json\/wp\/v2\/thematique?post=5528"}],"curies":[{"name":"wp","href":"https:\/\/api.w.org\/{rel}","templated":true}]}}